{"id":997,"date":"2022-08-26T09:19:43","date_gmt":"2022-08-26T07:19:43","guid":{"rendered":"http:\/\/www.baden-bowmen.de\/wordpress\/?p=997"},"modified":"2022-08-26T09:19:43","modified_gmt":"2022-08-26T07:19:43","slug":"arbeitsdienst-am-samstag-den-27-08-2022","status":"publish","type":"post","link":"https:\/\/www.baden-bowmen.de\/wordpress\/?p=997","title":{"rendered":"\u2026. Arbeitsdienst am Samstag, den 27.08.2022"},"content":{"rendered":"<p>Wir verweisen auf die Durchf\u00fchrung des Arbeitsdienstes am 27.08.2022.<\/p>\n<p>Reparatur\u2013 und Pflegearbeiten finden auf dem gesamten Gel\u00e4nde statt.<\/p>\n<p>W\u00e4hrend der Arbeiten sind Bogenplatz und Parcours zur Sicherheit gesamt<br \/>\ngesperrt, dies am 27.08.2022, im Zeitraum 9.oo bis 14.oo Uhr.<\/p>\n<p>F\u00fcr die Kl\u00e4rung offener Fragen stehen wir gern wie gewohnt zur Verf\u00fcgung.<\/p>\n<p>email `support@baden-bowmen.de`,<\/p>\n<p><span style=\"color: #a12222;\">(TerminHinweis)<\/span><\/p>\n","protected":false},"excerpt":{"rendered":"<p>Wir verweisen auf die Durchf\u00fchrung des Arbeitsdienstes am 27.08.2022. Reparatur\u2013 und Pflegearbeiten finden auf dem gesamten Gel\u00e4nde statt. W\u00e4hrend der Arbeiten sind Bogenplatz und Parcours zur Sicherheit gesamt gesperrt, dies am 27.08.2022, im Zeitraum 9.oo bis 14.oo Uhr. F\u00fcr die Kl\u00e4rung offener Fragen stehen wir gern wie gewohnt zur Verf\u00fcgung. email `support@baden-bowmen.de`, (TerminHinweis)<\/p>\n","protected":false},"author":1,"featured_media":0,"comment_status":"closed","ping_status":"closed","sticky":false,"template":"","format":"standard","meta":{"_s2mail":"yes"},"categories":[1],"tags":[],"_links":{"self":[{"href":"https:\/\/www.baden-bowmen.de\/wordpress\/index.php?rest_route=\/wp\/v2\/posts\/997"}],"collection":[{"href":"https:\/\/www.baden-bowmen.de\/wordpress\/index.php?rest_route=\/wp\/v2\/posts"}],"about":[{"href":"https:\/\/www.baden-bowmen.de\/wordpress\/index.php?rest_route=\/wp\/v2\/types\/post"}],"author":[{"embeddable":true,"href":"https:\/\/www.baden-bowmen.de\/wordpress\/index.php?rest_route=\/wp\/v2\/users\/1"}],"replies":[{"embeddable":true,"href":"https:\/\/www.baden-bowmen.de\/wordpress\/index.php?rest_route=%2Fwp%2Fv2%2Fcomments&post=997"}],"version-history":[{"count":1,"href":"https:\/\/www.baden-bowmen.de\/wordpress\/index.php?rest_route=\/wp\/v2\/posts\/997\/revisions"}],"predecessor-version":[{"id":998,"href":"https:\/\/www.baden-bowmen.de\/wordpress\/index.php?rest_route=\/wp\/v2\/posts\/997\/revisions\/998"}],"wp:attachment":[{"href":"https:\/\/www.baden-bowmen.de\/wordpress\/index.php?rest_route=%2Fwp%2Fv2%2Fmedia&parent=997"}],"wp:term":[{"taxonomy":"category","embeddable":true,"href":"https:\/\/www.baden-bowmen.de\/wordpress\/index.php?rest_route=%2Fwp%2Fv2%2Fcategories&post=997"},{"taxonomy":"post_tag","embeddable":true,"href":"https:\/\/www.baden-bowmen.de\/wordpress\/index.php?rest_route=%2Fwp%2Fv2%2Ftags&post=997"}],"curies":[{"name":"wp","href":"https:\/\/api.w.org\/{rel}","templated":true}]}}