{"id":965,"date":"2022-05-30T18:45:34","date_gmt":"2022-05-30T16:45:34","guid":{"rendered":"http:\/\/www.baden-bowmen.de\/wordpress\/?p=965"},"modified":"2022-10-07T15:36:08","modified_gmt":"2022-10-07T13:36:08","slug":"arbeitsdienst-am-samstag-den-04-06-2022","status":"publish","type":"post","link":"https:\/\/www.baden-bowmen.de\/wordpress\/?p=965","title":{"rendered":"&#8230;. Arbeitsdienst am Samstag, den 04.06.2022"},"content":{"rendered":"<p>Hiermit verweisen wir auf die Durchf\u00fchrung des Arbeitsdienstes am 04.06.2022.<\/p>\n<p>Reparatur\u2013 und Pflegearbeiten finden auf dem gesamten Gel\u00e4nde statt.<\/p>\n<p>W\u00e4hrend der Arbeiten sind Bogenplatz und Parcours zur Sicherheit gesamt<br \/>\ngesperrt, dies am 04.06.2022, im Zeitraum 9.oo bis 14.oo Uhr.<\/p>\n<p>Zur Teilnahme am Arbeitsdienst sollten sich Mitglieder bis sp\u00e4testens<br \/>\nkommenden Mittwoch 01.06.2022 \/ 20.oo Uhr schriftlich anmelden.<\/p>\n<p>F\u00fcr die Kl\u00e4rung offener Fragen stehen wir gern wie gewohnt zur Verf\u00fcgung.<\/p>\n<p>email `support@baden-bowmen.de`,<\/p>\n<p><span style=\"color: #a62424;\">(TerminHinweis)<\/span><\/p>\n","protected":false},"excerpt":{"rendered":"<p>Hiermit verweisen wir auf die Durchf\u00fchrung des Arbeitsdienstes am 04.06.2022. Reparatur\u2013 und Pflegearbeiten finden auf dem gesamten Gel\u00e4nde statt. W\u00e4hrend der Arbeiten sind Bogenplatz und Parcours zur Sicherheit gesamt gesperrt, dies am 04.06.2022, im Zeitraum 9.oo bis 14.oo Uhr. Zur Teilnahme am Arbeitsdienst sollten sich Mitglieder bis sp\u00e4testens kommenden Mittwoch 01.06.2022 \/ 20.oo Uhr schriftlich [&hellip;]<\/p>\n","protected":false},"author":1,"featured_media":0,"comment_status":"closed","ping_status":"closed","sticky":false,"template":"","format":"standard","meta":{"_s2mail":"yes"},"categories":[1],"tags":[],"_links":{"self":[{"href":"https:\/\/www.baden-bowmen.de\/wordpress\/index.php?rest_route=\/wp\/v2\/posts\/965"}],"collection":[{"href":"https:\/\/www.baden-bowmen.de\/wordpress\/index.php?rest_route=\/wp\/v2\/posts"}],"about":[{"href":"https:\/\/www.baden-bowmen.de\/wordpress\/index.php?rest_route=\/wp\/v2\/types\/post"}],"author":[{"embeddable":true,"href":"https:\/\/www.baden-bowmen.de\/wordpress\/index.php?rest_route=\/wp\/v2\/users\/1"}],"replies":[{"embeddable":true,"href":"https:\/\/www.baden-bowmen.de\/wordpress\/index.php?rest_route=%2Fwp%2Fv2%2Fcomments&post=965"}],"version-history":[{"count":2,"href":"https:\/\/www.baden-bowmen.de\/wordpress\/index.php?rest_route=\/wp\/v2\/posts\/965\/revisions"}],"predecessor-version":[{"id":1020,"href":"https:\/\/www.baden-bowmen.de\/wordpress\/index.php?rest_route=\/wp\/v2\/posts\/965\/revisions\/1020"}],"wp:attachment":[{"href":"https:\/\/www.baden-bowmen.de\/wordpress\/index.php?rest_route=%2Fwp%2Fv2%2Fmedia&parent=965"}],"wp:term":[{"taxonomy":"category","embeddable":true,"href":"https:\/\/www.baden-bowmen.de\/wordpress\/index.php?rest_route=%2Fwp%2Fv2%2Fcategories&post=965"},{"taxonomy":"post_tag","embeddable":true,"href":"https:\/\/www.baden-bowmen.de\/wordpress\/index.php?rest_route=%2Fwp%2Fv2%2Ftags&post=965"}],"curies":[{"name":"wp","href":"https:\/\/api.w.org\/{rel}","templated":true}]}}