{"id":951,"date":"2022-05-14T21:58:48","date_gmt":"2022-05-14T19:58:48","guid":{"rendered":"http:\/\/www.baden-bowmen.de\/wordpress\/?p=951"},"modified":"2022-05-14T22:20:55","modified_gmt":"2022-05-14T20:20:55","slug":"parken-einschiessbahn-und-parcours-anfang-am-g-704","status":"publish","type":"post","link":"https:\/\/www.baden-bowmen.de\/wordpress\/?p=951","title":{"rendered":"Parken, Einschie\u00dfbahn und Parcours-Anfang am G 704"},"content":{"rendered":"<p>Wir m\u00f6chten darauf hinweisen, dass ab sofort das Geb\u00e4ude G 704 wieder in<br \/>\nBetrieb ist, somit die Parkfl\u00e4chen, Anmeldung, Einschie\u00dfbahn und Parcours-<br \/>\nAnfang wieder auf der S\u00fcd-West-Seite zu finden sind.<\/p>\n<p>Wichtig ist uns, dass die Magergrasfl\u00e4chen nicht befahren werden. Es gibt<br \/>\ngenug betonierte und asphaltierte Fl\u00e4chen und diese sind f\u00fcr das Parken ohne<br \/>\nAusnahme zu benutzen.<\/p>\n<p>Weiter ist die alte Zufahrt in den Wald gesperrt. Das Befahren des Waldst\u00fccks,<br \/>\ndie Nutzung der alten Zuwegung, das Parken am alten Parkplatz, ist untersagt.<\/p>\n<p>F\u00fcr die Kl\u00e4rung offener Fragen stehen wir gern wie gewohnt zur Verf\u00fcgung.<\/p>\n<p>Vorstand Baden-Bowmen e.V.<\/p>\n","protected":false},"excerpt":{"rendered":"<p>Wir m\u00f6chten darauf hinweisen, dass ab sofort das Geb\u00e4ude G 704 wieder in Betrieb ist, somit die Parkfl\u00e4chen, Anmeldung, Einschie\u00dfbahn und Parcours- Anfang wieder auf der S\u00fcd-West-Seite zu finden sind. Wichtig ist uns, dass die Magergrasfl\u00e4chen nicht befahren werden. Es gibt genug betonierte und asphaltierte Fl\u00e4chen und diese sind f\u00fcr das Parken ohne Ausnahme zu [&hellip;]<\/p>\n","protected":false},"author":1,"featured_media":0,"comment_status":"closed","ping_status":"closed","sticky":false,"template":"","format":"standard","meta":{"_s2mail":"yes"},"categories":[1],"tags":[],"_links":{"self":[{"href":"https:\/\/www.baden-bowmen.de\/wordpress\/index.php?rest_route=\/wp\/v2\/posts\/951"}],"collection":[{"href":"https:\/\/www.baden-bowmen.de\/wordpress\/index.php?rest_route=\/wp\/v2\/posts"}],"about":[{"href":"https:\/\/www.baden-bowmen.de\/wordpress\/index.php?rest_route=\/wp\/v2\/types\/post"}],"author":[{"embeddable":true,"href":"https:\/\/www.baden-bowmen.de\/wordpress\/index.php?rest_route=\/wp\/v2\/users\/1"}],"replies":[{"embeddable":true,"href":"https:\/\/www.baden-bowmen.de\/wordpress\/index.php?rest_route=%2Fwp%2Fv2%2Fcomments&post=951"}],"version-history":[{"count":3,"href":"https:\/\/www.baden-bowmen.de\/wordpress\/index.php?rest_route=\/wp\/v2\/posts\/951\/revisions"}],"predecessor-version":[{"id":954,"href":"https:\/\/www.baden-bowmen.de\/wordpress\/index.php?rest_route=\/wp\/v2\/posts\/951\/revisions\/954"}],"wp:attachment":[{"href":"https:\/\/www.baden-bowmen.de\/wordpress\/index.php?rest_route=%2Fwp%2Fv2%2Fmedia&parent=951"}],"wp:term":[{"taxonomy":"category","embeddable":true,"href":"https:\/\/www.baden-bowmen.de\/wordpress\/index.php?rest_route=%2Fwp%2Fv2%2Fcategories&post=951"},{"taxonomy":"post_tag","embeddable":true,"href":"https:\/\/www.baden-bowmen.de\/wordpress\/index.php?rest_route=%2Fwp%2Fv2%2Ftags&post=951"}],"curies":[{"name":"wp","href":"https:\/\/api.w.org\/{rel}","templated":true}]}}