{"id":927,"date":"2022-04-02T20:35:06","date_gmt":"2022-04-02T18:35:06","guid":{"rendered":"http:\/\/www.baden-bowmen.de\/wordpress\/?p=927"},"modified":"2022-08-29T13:25:41","modified_gmt":"2022-08-29T11:25:41","slug":"corona-lockerungen-betrieb-ohne-kontrollen","status":"publish","type":"post","link":"https:\/\/www.baden-bowmen.de\/wordpress\/?p=927","title":{"rendered":"&#8230;. Corona-Lockerungen &#8211; Betrieb ohne Kontrollen"},"content":{"rendered":"<p>Mit aktuellen Lockerungen der Corona-Regeln kehren wir zu dem<br \/>\nBetrieb ohne Kontrollen zur\u00fcck. F\u00fcr selbstverst\u00e4ndlich halten wir<br \/>\nweiterhin Hygiene- und Abstandsregeln.<\/p>\n<p>Ab Montag \u00f6ffnen wir im Regelbetrieb, 7 Tage die Woche. Damit ist<br \/>\nauch G\u00e4sten der Platz wieder zug\u00e4nglich. Die ARAL-Tankstelle gibt<br \/>\nab dem 04. April, wie gehabt, Schl\u00fcssel f\u00fcr G\u00e4ste aus.<\/p>\n<p>F\u00fcr die Kl\u00e4rung von Fragen stehen wir gern wie gewohnt zur Verf\u00fcgung.<\/p>\n<p>Der Vorstand Baden-Bowmen e.V.<\/p>\n<p>Kontakt per Mail: support@baden-bowmen.de<\/p>\n","protected":false},"excerpt":{"rendered":"<p>Mit aktuellen Lockerungen der Corona-Regeln kehren wir zu dem Betrieb ohne Kontrollen zur\u00fcck. F\u00fcr selbstverst\u00e4ndlich halten wir weiterhin Hygiene- und Abstandsregeln. Ab Montag \u00f6ffnen wir im Regelbetrieb, 7 Tage die Woche. Damit ist auch G\u00e4sten der Platz wieder zug\u00e4nglich. Die ARAL-Tankstelle gibt ab dem 04. April, wie gehabt, Schl\u00fcssel f\u00fcr G\u00e4ste aus. F\u00fcr die Kl\u00e4rung [&hellip;]<\/p>\n","protected":false},"author":1,"featured_media":0,"comment_status":"closed","ping_status":"closed","sticky":false,"template":"","format":"standard","meta":{"_s2mail":"yes"},"categories":[1],"tags":[4],"_links":{"self":[{"href":"https:\/\/www.baden-bowmen.de\/wordpress\/index.php?rest_route=\/wp\/v2\/posts\/927"}],"collection":[{"href":"https:\/\/www.baden-bowmen.de\/wordpress\/index.php?rest_route=\/wp\/v2\/posts"}],"about":[{"href":"https:\/\/www.baden-bowmen.de\/wordpress\/index.php?rest_route=\/wp\/v2\/types\/post"}],"author":[{"embeddable":true,"href":"https:\/\/www.baden-bowmen.de\/wordpress\/index.php?rest_route=\/wp\/v2\/users\/1"}],"replies":[{"embeddable":true,"href":"https:\/\/www.baden-bowmen.de\/wordpress\/index.php?rest_route=%2Fwp%2Fv2%2Fcomments&post=927"}],"version-history":[{"count":4,"href":"https:\/\/www.baden-bowmen.de\/wordpress\/index.php?rest_route=\/wp\/v2\/posts\/927\/revisions"}],"predecessor-version":[{"id":931,"href":"https:\/\/www.baden-bowmen.de\/wordpress\/index.php?rest_route=\/wp\/v2\/posts\/927\/revisions\/931"}],"wp:attachment":[{"href":"https:\/\/www.baden-bowmen.de\/wordpress\/index.php?rest_route=%2Fwp%2Fv2%2Fmedia&parent=927"}],"wp:term":[{"taxonomy":"category","embeddable":true,"href":"https:\/\/www.baden-bowmen.de\/wordpress\/index.php?rest_route=%2Fwp%2Fv2%2Fcategories&post=927"},{"taxonomy":"post_tag","embeddable":true,"href":"https:\/\/www.baden-bowmen.de\/wordpress\/index.php?rest_route=%2Fwp%2Fv2%2Ftags&post=927"}],"curies":[{"name":"wp","href":"https:\/\/api.w.org\/{rel}","templated":true}]}}