{"id":891,"date":"2022-02-06T22:46:06","date_gmt":"2022-02-06T21:46:06","guid":{"rendered":"http:\/\/www.baden-bowmen.de\/wordpress\/?p=891"},"modified":"2022-08-29T13:30:00","modified_gmt":"2022-08-29T11:30:00","slug":"vorgesehene-platzoeffnung-stand-der-dinge-06-02-2022","status":"publish","type":"post","link":"https:\/\/www.baden-bowmen.de\/wordpress\/?p=891","title":{"rendered":"Vorgesehene Platz\u00f6ffnung &#8211; Stand der Dinge 06.02.2022"},"content":{"rendered":"<p>Liebe Mitglieder,<\/p>\n<p>hiermit m\u00f6chten wir Euch f\u00fcr Eure ersten R\u00fcckmeldungen danken und Euch<br \/>\nmitteilen, dass wir voraussichtlich f\u00fcr die kommenden Sonntage in der<br \/>\nZeit von 10.oo \u2013 16.oo Uhr unseren Parcours f\u00fcr Mitglieder ge\u00f6ffnet haben.<br \/>\nWir starten am 20.02.22. F\u00fcr eine solide Planung ben\u00f6tigen wir m\u00f6glichst<br \/>\nzeitnah Eure R\u00fcckmeldungen in schriftlicher Form,<\/p>\n<p>Mail an `support@baden-bowmen.de`<\/p>\n<p>Der vor der \u00d6ffnung geplante Arbeitseinsatz ist bereits organisiert und<br \/>\ndie Helfer wurden informiert. Die n\u00f6tigen Vorbereitungen sind somit erst<br \/>\neinmal erledigt.<\/p>\n<p>Was wollen wir von Euch wissen?<br \/>\nWie geht es nach gelungenem Start weiter?<\/p>\n<p>Bitte teilt uns mit, an welchen Sonntagen Ihr die M\u00f6glichkeit habt Euren<br \/>\nKontrolldienst zu verrichten, sodass wir den Plan f\u00fcr die kommenden Wochen<br \/>\naufstellen k\u00f6nnen. Denkt bitte daran, der Schie\u00dfbetrieb ist nur dadurch<br \/>\nm\u00f6glich, dass wir Mitglieder haben, die sich f\u00fcr die Durchf\u00fchrung der<br \/>\naktuellen Covid-Kontrollen unentgeltlich zur Verf\u00fcgung gestellt haben.<\/p>\n<p>Kommt als Mitglied in den n\u00e4chsten Wochen nicht nur zum Schie\u00dfen, sondern<br \/>\n\u00fcbernehmt auch einen Kontrolldienst, zeigt Euch solidarisch, um die n\u00f6tige<br \/>\nLast gleichm\u00e4\u00dfig zu verteilen.<\/p>\n<p>F\u00fcr den Betrieb des Platzes gelten die aktuellen Corona-Regeln, derzeit<br \/>\nCorona-ALARMSTUFE I., auf dem kompletten Areal ausnahmslos 2G.<\/p>\n<p>Wir freuen uns bereits jetzt bald von Euch zu h\u00f6ren\/ zu lesen oder Euch<br \/>\nSonntags auf dem Platz zu sehen.<\/p>\n<p>Bleibt Gesund, Gut Schuss und alle ins KILL<\/p>\n<p>Kontakt: support@baden-bowmen.de<\/p>\n","protected":false},"excerpt":{"rendered":"<p>Liebe Mitglieder, hiermit m\u00f6chten wir Euch f\u00fcr Eure ersten R\u00fcckmeldungen danken und Euch mitteilen, dass wir voraussichtlich f\u00fcr die kommenden Sonntage in der Zeit von 10.oo \u2013 16.oo Uhr unseren Parcours f\u00fcr Mitglieder ge\u00f6ffnet haben. Wir starten am 20.02.22. F\u00fcr eine solide Planung ben\u00f6tigen wir m\u00f6glichst zeitnah Eure R\u00fcckmeldungen in schriftlicher Form, Mail an `support@baden-bowmen.de` [&hellip;]<\/p>\n","protected":false},"author":1,"featured_media":0,"comment_status":"closed","ping_status":"closed","sticky":false,"template":"","format":"standard","meta":{"_s2mail":"yes"},"categories":[1],"tags":[4],"_links":{"self":[{"href":"https:\/\/www.baden-bowmen.de\/wordpress\/index.php?rest_route=\/wp\/v2\/posts\/891"}],"collection":[{"href":"https:\/\/www.baden-bowmen.de\/wordpress\/index.php?rest_route=\/wp\/v2\/posts"}],"about":[{"href":"https:\/\/www.baden-bowmen.de\/wordpress\/index.php?rest_route=\/wp\/v2\/types\/post"}],"author":[{"embeddable":true,"href":"https:\/\/www.baden-bowmen.de\/wordpress\/index.php?rest_route=\/wp\/v2\/users\/1"}],"replies":[{"embeddable":true,"href":"https:\/\/www.baden-bowmen.de\/wordpress\/index.php?rest_route=%2Fwp%2Fv2%2Fcomments&post=891"}],"version-history":[{"count":5,"href":"https:\/\/www.baden-bowmen.de\/wordpress\/index.php?rest_route=\/wp\/v2\/posts\/891\/revisions"}],"predecessor-version":[{"id":896,"href":"https:\/\/www.baden-bowmen.de\/wordpress\/index.php?rest_route=\/wp\/v2\/posts\/891\/revisions\/896"}],"wp:attachment":[{"href":"https:\/\/www.baden-bowmen.de\/wordpress\/index.php?rest_route=%2Fwp%2Fv2%2Fmedia&parent=891"}],"wp:term":[{"taxonomy":"category","embeddable":true,"href":"https:\/\/www.baden-bowmen.de\/wordpress\/index.php?rest_route=%2Fwp%2Fv2%2Fcategories&post=891"},{"taxonomy":"post_tag","embeddable":true,"href":"https:\/\/www.baden-bowmen.de\/wordpress\/index.php?rest_route=%2Fwp%2Fv2%2Ftags&post=891"}],"curies":[{"name":"wp","href":"https:\/\/api.w.org\/{rel}","templated":true}]}}