{"id":888,"date":"2022-01-29T19:09:53","date_gmt":"2022-01-29T18:09:53","guid":{"rendered":"http:\/\/www.baden-bowmen.de\/wordpress\/?p=888"},"modified":"2022-08-29T13:30:16","modified_gmt":"2022-08-29T11:30:16","slug":"vereinsinformation-offener-brief","status":"publish","type":"post","link":"https:\/\/www.baden-bowmen.de\/wordpress\/?p=888","title":{"rendered":"Vereinsinformation, offener Brief"},"content":{"rendered":"<p>Liebe Vereinsmitglieder,<\/p>\n<p>wir hoffen, Ihr seid gut in das Jahr 2022 gekommen. Mit dem Start des neuen Jahres haben auch wir auf etwas mehr Normalit\u00e4t, und damit verbunden, die Wiederaufnahme des Schie\u00dfbetriebs gehofft.<\/p>\n<p>Bedingt durch die aktuelle Lage in Sachen Corona\/ Gesundheit\/ Politik m\u00f6chten wir die Gelegenheit nutzen, \u00fcber die M\u00f6glichkeiten einer Platz\u00f6ffnung f\u00fcr unsere Mitglieder zu informieren. Vorab m\u00f6chten wir bitten, Abstand von unpassenden \u00c4u\u00dferungen, Verallgemeinerungen und polemischem Verhalten zu nehmen. Anstehende Entscheidungen werden mit Blick auf die Situation, Gesetzgebung und damit verbundene Auflagen des zust\u00e4ndigen Ordnungsamtes getroffen.<\/p>\n<p>Die Ist-Situation und m\u00f6gliches Konzept<\/p>\n<p>Unser Platz ist nicht frei zug\u00e4nglich, ist daher eingestuft als Sportst\u00e4tte. Deshalb ergeben sich f\u00fcr unser Areal folgende Regeln:<\/p>\n<p>. Anwesenheit eines Verantwortlichen w\u00e4hrend des gesamten Schie\u00dfbetriebs<br \/>\n. 100% QR-Code-Kontrolle per Kontroll-App<br \/>\n. flie\u00dfendes Wasser und Seife, oder Desinfektionsmittel vor Ort<br \/>\n. das Eintragen aller Anwesenden vor Ort<br \/>\n. das Einhalten der vorgeschriebenen Abst\u00e4nde, siehe auch Platzordnung<br \/>\n. symptomfreies Erscheinen<br \/>\n. das Einhalten vorgegebener Gruppenst\u00e4rke (Kinder z\u00e4hlen vollwertig)<\/p>\n<p><span style=\"color: #b82727;\">Das Nutzen unserer Anlage durch G\u00e4ste werden wir im Falle der geplanten \u00d6ffnung nur in Begleitung von Mitgliedern erlauben. Das bedeutet, dass der Gast sich nach eigener Absprache mit einem Mitglied au\u00dferhalb unseres Areals trifft, mit dem Mitglied den Platz betritt und auch mit diesem das Gel\u00e4nde zu verlassen hat.<\/span><\/p>\n<p>Da die Ma\u00dfnahmen, welche eine \u00d6ffnung erm\u00f6glichen, mit entsprechend zeitlichem und finanziellen Aufwand verbunden sind, bitten wir Euch hiermit innerhalb 14 Tagen um R\u00fcckmeldung. Wir gehen zun\u00e4chst von einer \u00d6ffnung ausschlie\u00dflich an den Sonntagen aus.<\/p>\n<p>Bitte beantwortet uns folgende Fragen:<\/p>\n<p>. Wer von Euch m\u00f6chte wann, innerhalb der nach \u00d6ffnung folgenden 8 Wochen schie\u00dfen?<br \/>\n. Wer w\u00fcrde sich zu einem n\u00f6tigen Arbeitseinsatz, im Vorfeld der \u00d6ffnung, melden?<br \/>\n. Wer w\u00fcrde sich unentgeltlich f\u00fcr die Platzaufsicht zur Verf\u00fcgung stellen?<br \/>\n. Wer w\u00e4re bereit die Platzaufsicht gegen Arbeitsstundenausgleich zu erledigen?<\/p>\n<p>Bitte habt Verst\u00e4ndnis, dass wir ohne R\u00fcckmeldung keine Ver\u00e4nderung herbeif\u00fchren k\u00f6nnen, ein Konzept nur durch Euer Mitwirken umgesetzt werden kann.<\/p>\n<p>Wir danken schon jetzt f\u00fcr Eure schriftliche R\u00fcckmeldung, freuen uns auf ein zielf\u00fchrendes Zusammenwirken.<\/p>\n<p>e-mail bitte an:\u00a0\u00a0\u00a0\u00a0 support@baden-bowmen.de<\/p>\n<p>Vorstand Baden-Bowmen e.V.<\/p>\n","protected":false},"excerpt":{"rendered":"<p>Liebe Vereinsmitglieder, wir hoffen, Ihr seid gut in das Jahr 2022 gekommen. Mit dem Start des neuen Jahres haben auch wir auf etwas mehr Normalit\u00e4t, und damit verbunden, die Wiederaufnahme des Schie\u00dfbetriebs gehofft. Bedingt durch die aktuelle Lage in Sachen Corona\/ Gesundheit\/ Politik m\u00f6chten wir die Gelegenheit nutzen, \u00fcber die M\u00f6glichkeiten einer Platz\u00f6ffnung f\u00fcr unsere [&hellip;]<\/p>\n","protected":false},"author":1,"featured_media":0,"comment_status":"closed","ping_status":"closed","sticky":false,"template":"","format":"standard","meta":{"_s2mail":"yes"},"categories":[1],"tags":[4],"_links":{"self":[{"href":"https:\/\/www.baden-bowmen.de\/wordpress\/index.php?rest_route=\/wp\/v2\/posts\/888"}],"collection":[{"href":"https:\/\/www.baden-bowmen.de\/wordpress\/index.php?rest_route=\/wp\/v2\/posts"}],"about":[{"href":"https:\/\/www.baden-bowmen.de\/wordpress\/index.php?rest_route=\/wp\/v2\/types\/post"}],"author":[{"embeddable":true,"href":"https:\/\/www.baden-bowmen.de\/wordpress\/index.php?rest_route=\/wp\/v2\/users\/1"}],"replies":[{"embeddable":true,"href":"https:\/\/www.baden-bowmen.de\/wordpress\/index.php?rest_route=%2Fwp%2Fv2%2Fcomments&post=888"}],"version-history":[{"count":2,"href":"https:\/\/www.baden-bowmen.de\/wordpress\/index.php?rest_route=\/wp\/v2\/posts\/888\/revisions"}],"predecessor-version":[{"id":922,"href":"https:\/\/www.baden-bowmen.de\/wordpress\/index.php?rest_route=\/wp\/v2\/posts\/888\/revisions\/922"}],"wp:attachment":[{"href":"https:\/\/www.baden-bowmen.de\/wordpress\/index.php?rest_route=%2Fwp%2Fv2%2Fmedia&parent=888"}],"wp:term":[{"taxonomy":"category","embeddable":true,"href":"https:\/\/www.baden-bowmen.de\/wordpress\/index.php?rest_route=%2Fwp%2Fv2%2Fcategories&post=888"},{"taxonomy":"post_tag","embeddable":true,"href":"https:\/\/www.baden-bowmen.de\/wordpress\/index.php?rest_route=%2Fwp%2Fv2%2Ftags&post=888"}],"curies":[{"name":"wp","href":"https:\/\/api.w.org\/{rel}","templated":true}]}}