{"id":795,"date":"2021-02-17T10:53:26","date_gmt":"2021-02-17T09:53:26","guid":{"rendered":"http:\/\/www.baden-bowmen.de\/wordpress\/?p=795"},"modified":"2022-08-29T13:27:58","modified_gmt":"2022-08-29T11:27:58","slug":"platznutzung-gem-corona-regeln-bis-7-maerz-2021","status":"publish","type":"post","link":"https:\/\/www.baden-bowmen.de\/wordpress\/?p=795","title":{"rendered":"Platznutzung gem. Corona-Regeln vom  24. Febr. 2021"},"content":{"rendered":"<p>Mit Verl\u00e4ngerung des Lockdowns behalten die bis hierher eingef\u00fchrten<br \/>\nRegeln zur Platznutzung ihre G\u00fcltigkeit. Dies ist bis auf weiteres<br \/>\nals verbindlich zu sehen. Die weitere Entwicklung bleibt abzuwarten.<\/p>\n<p>1. Es gelten die aktuellen Vorschriften, erlassen durch unsere<br \/>\nLandesregierung, vom 24.02.2021. Klar abweichend davon ist der<br \/>\nPunkt 6 zu beachten.<\/p>\n<p>2. Es ist Hand-Desinfektion zu verwenden !!<\/p>\n<p>3. Im Schie\u00dfbuch hat sich jeder Sch\u00fctze vollst\u00e4ndig einzutragen,<br \/>\nG\u00e4ste, als auch Mitglieder.<\/p>\n<p>4. Auf das Einhalten eines Abstandes von mindestens 1,5m ist von<br \/>\nAnfang an und \u00fcberall zu achten.<\/p>\n<p>5. Das Tragen von Handschuhen oder Masken wird nicht erwartet.<\/p>\n<p>6. Gruppen im Parcour von max. 5 Personen aus einem Haushalt,<br \/>\nansonsten max. 2 Personen aus 2 Haushalten. Kinder werden dabei,<br \/>\nentgegen der sonst \u00fcblichen Regelung, voll gez\u00e4hlt.<\/p>\n<p>7. Der Abstand im Schie\u00dfen (benutzte Stationen) muss im Parcour zwei<br \/>\nBahnen betragen<\/p>\n<p>8. Unsere Getr\u00e4nkeausgabe ist geschlossen.<\/p>\n<p>9. Mit Blick auf Covid 19 ist versch\u00e4rft auf das Mitnehmen des<br \/>\nerzeugten Abfalls zu achten. Hierzu z\u00e4hlen im Besonderen die<br \/>\nReste von verwendeter Schutzausr\u00fcstung und Reste eingesetzter<br \/>\nHygieneartikel, Einmalhandschuhe, Schutzmasken, Verpackungen<br \/>\nvon Nahrungsmitteln.<\/p>\n<p>Wir erwarten das Einhalten der oben genannten Punkte, denn es ist<br \/>\ndie notwendige Basis f\u00fcr eine einigerma\u00dfen sichere Aufnahme des<br \/>\nSchie\u00dfbetriebs. Fehlverhalten und Zuwiderhandlung werden von uns<br \/>\nsehr ernst genommen und werden mit Vereinsausschluss und \/ oder<br \/>\nPlatzverweis beantwortet.<\/p>\n<p><a href=\"https:\/\/www.baden-wuerttemberg.de\/fileadmin\/redaktion\/dateien\/PDF\/Coronainfos\/210108_Auf_einen_Blick_Lockdown_Januar_DE.PDF\">offizielles Dokument aktueller Covid-19-Regeln \/ Lockdown_Jan2021<\/a><\/p>\n<p>Direkt-Kontakt Baden-Bowmen e.V. f\u00fcr Notf\u00e4lle +49 160 550 9524<\/p>\n<p>F\u00fcr R\u00fcckfragen stehen wir gern per Mail zur Verf\u00fcgung.<\/p>\n","protected":false},"excerpt":{"rendered":"<p>Mit Verl\u00e4ngerung des Lockdowns behalten die bis hierher eingef\u00fchrten Regeln zur Platznutzung ihre G\u00fcltigkeit. Dies ist bis auf weiteres als verbindlich zu sehen. Die weitere Entwicklung bleibt abzuwarten. 1. Es gelten die aktuellen Vorschriften, erlassen durch unsere Landesregierung, vom 24.02.2021. Klar abweichend davon ist der Punkt 6 zu beachten. 2. Es ist Hand-Desinfektion zu verwenden [&hellip;]<\/p>\n","protected":false},"author":1,"featured_media":0,"comment_status":"closed","ping_status":"closed","sticky":false,"template":"","format":"standard","meta":{"_s2mail":"yes"},"categories":[1],"tags":[4],"_links":{"self":[{"href":"https:\/\/www.baden-bowmen.de\/wordpress\/index.php?rest_route=\/wp\/v2\/posts\/795"}],"collection":[{"href":"https:\/\/www.baden-bowmen.de\/wordpress\/index.php?rest_route=\/wp\/v2\/posts"}],"about":[{"href":"https:\/\/www.baden-bowmen.de\/wordpress\/index.php?rest_route=\/wp\/v2\/types\/post"}],"author":[{"embeddable":true,"href":"https:\/\/www.baden-bowmen.de\/wordpress\/index.php?rest_route=\/wp\/v2\/users\/1"}],"replies":[{"embeddable":true,"href":"https:\/\/www.baden-bowmen.de\/wordpress\/index.php?rest_route=%2Fwp%2Fv2%2Fcomments&post=795"}],"version-history":[{"count":3,"href":"https:\/\/www.baden-bowmen.de\/wordpress\/index.php?rest_route=\/wp\/v2\/posts\/795\/revisions"}],"predecessor-version":[{"id":800,"href":"https:\/\/www.baden-bowmen.de\/wordpress\/index.php?rest_route=\/wp\/v2\/posts\/795\/revisions\/800"}],"wp:attachment":[{"href":"https:\/\/www.baden-bowmen.de\/wordpress\/index.php?rest_route=%2Fwp%2Fv2%2Fmedia&parent=795"}],"wp:term":[{"taxonomy":"category","embeddable":true,"href":"https:\/\/www.baden-bowmen.de\/wordpress\/index.php?rest_route=%2Fwp%2Fv2%2Fcategories&post=795"},{"taxonomy":"post_tag","embeddable":true,"href":"https:\/\/www.baden-bowmen.de\/wordpress\/index.php?rest_route=%2Fwp%2Fv2%2Ftags&post=795"}],"curies":[{"name":"wp","href":"https:\/\/api.w.org\/{rel}","templated":true}]}}