{"id":718,"date":"2020-05-23T16:06:07","date_gmt":"2020-05-23T14:06:07","guid":{"rendered":"http:\/\/www.baden-bowmen.de\/wordpress\/?p=718"},"modified":"2022-08-29T13:35:42","modified_gmt":"2022-08-29T11:35:42","slug":"warum-alles-so-kompliziert","status":"publish","type":"post","link":"https:\/\/www.baden-bowmen.de\/wordpress\/?p=718","title":{"rendered":"&#8230;. warum alles so kompliziert ?!!"},"content":{"rendered":"<p>Da wir ein paar Anfragen bez\u00fcglich unserer L\u00f6sungsfindung Platz\u00f6ffung<br \/>\nbekommen haben, m\u00f6chten wir kurz die tragenden Punkte zusammenfassen<br \/>\nund damit f\u00fcr den n\u00f6tigen Informationsfluss sorgen. Folgende Vorgaben<br \/>\nsind derzeit zu ber\u00fccksichtigen, m\u00fcssen in die \u00dcberlegungen zum Betrieb<br \/>\ndes Bogenplatzes\/ Pracours mit einflie\u00dfen:<\/p>\n<p>. gem. Vorgaben \u00d6ffnung eines 3D-Bogen-Pracours erst ab dem 18.05.2020<\/a> !!<br \/>\n. Einschr\u00e4nkung bez\u00fcgl. Raumaufteilung 1000m\u00b2 a\u00b4 5 Personen<br \/>\n. Betrieb nur f\u00fcr Mitglieder <a href=\"http:\/\/www.baden-bowmen.de\/wordpress\/wp-content\/uploads\/2020\/05\/2020-05-10-Corona-VO-Sportst\u00e4tten.pdf\" rel=\"noopener\" target=\"_blank\">gem. Vorgaben 10.05.2020<\/a>, bis jetzt aktuell<br \/>\n. mindestens ein Verantwortlicher w\u00e4hrend des Betriebs vor Ort<\/p>\n<p>Die benannten Vorgaben gr\u00fcnden auf der aktuellen COVID-19-Verordnung,<br \/>\nhier als <a href=\"http:\/\/www.baden-bowmen.de\/wordpress\/wp-content\/uploads\/2020\/05\/Auslegungshinweise_zur_Corona-Verordnung_20200519.pdf\" rel=\"noopener\" target=\"_blank\">Download zur Verf\u00fcgung<\/a>. Die Verordnung ist bindend und l\u00e4sst<br \/>\nkaum Interpretationen zu.<\/p>\n<p>Gern stehen wir f\u00fcr R\u00fcckfragen betreffend der Sache zur Verf\u00fcgung,<br \/>\ndies per Mail und\/ oder telefonisch.<\/p>\n<p>OeKa-Baden-Bowmen e.V.<\/p>\n","protected":false},"excerpt":{"rendered":"<p>Da wir ein paar Anfragen bez\u00fcglich unserer L\u00f6sungsfindung Platz\u00f6ffung bekommen haben, m\u00f6chten wir kurz die tragenden Punkte zusammenfassen und damit f\u00fcr den n\u00f6tigen Informationsfluss sorgen. Folgende Vorgaben sind derzeit zu ber\u00fccksichtigen, m\u00fcssen in die \u00dcberlegungen zum Betrieb des Bogenplatzes\/ Pracours mit einflie\u00dfen: . gem. Vorgaben \u00d6ffnung eines 3D-Bogen-Pracours erst ab dem 18.05.2020 !! . Einschr\u00e4nkung [&hellip;]<\/p>\n","protected":false},"author":1,"featured_media":0,"comment_status":"closed","ping_status":"closed","sticky":false,"template":"","format":"standard","meta":{"_s2mail":"yes"},"categories":[1],"tags":[4],"_links":{"self":[{"href":"https:\/\/www.baden-bowmen.de\/wordpress\/index.php?rest_route=\/wp\/v2\/posts\/718"}],"collection":[{"href":"https:\/\/www.baden-bowmen.de\/wordpress\/index.php?rest_route=\/wp\/v2\/posts"}],"about":[{"href":"https:\/\/www.baden-bowmen.de\/wordpress\/index.php?rest_route=\/wp\/v2\/types\/post"}],"author":[{"embeddable":true,"href":"https:\/\/www.baden-bowmen.de\/wordpress\/index.php?rest_route=\/wp\/v2\/users\/1"}],"replies":[{"embeddable":true,"href":"https:\/\/www.baden-bowmen.de\/wordpress\/index.php?rest_route=%2Fwp%2Fv2%2Fcomments&post=718"}],"version-history":[{"count":6,"href":"https:\/\/www.baden-bowmen.de\/wordpress\/index.php?rest_route=\/wp\/v2\/posts\/718\/revisions"}],"predecessor-version":[{"id":726,"href":"https:\/\/www.baden-bowmen.de\/wordpress\/index.php?rest_route=\/wp\/v2\/posts\/718\/revisions\/726"}],"wp:attachment":[{"href":"https:\/\/www.baden-bowmen.de\/wordpress\/index.php?rest_route=%2Fwp%2Fv2%2Fmedia&parent=718"}],"wp:term":[{"taxonomy":"category","embeddable":true,"href":"https:\/\/www.baden-bowmen.de\/wordpress\/index.php?rest_route=%2Fwp%2Fv2%2Fcategories&post=718"},{"taxonomy":"post_tag","embeddable":true,"href":"https:\/\/www.baden-bowmen.de\/wordpress\/index.php?rest_route=%2Fwp%2Fv2%2Ftags&post=718"}],"curies":[{"name":"wp","href":"https:\/\/api.w.org\/{rel}","templated":true}]}}