{"id":710,"date":"2020-05-21T15:33:32","date_gmt":"2020-05-21T13:33:32","guid":{"rendered":"http:\/\/www.baden-bowmen.de\/wordpress\/?p=710"},"modified":"2020-05-21T15:46:27","modified_gmt":"2020-05-21T13:46:27","slug":"bogenplatz-wird-fuer-mitglieder-geoeffent","status":"publish","type":"post","link":"https:\/\/www.baden-bowmen.de\/wordpress\/?p=710","title":{"rendered":"Bogenplatz wird f\u00fcr Mitglieder ge\u00f6ffnet"},"content":{"rendered":"<p>Unser Bogenplatz wird ab sofort Sonntags wieder f\u00fcr Mitglieder zu nutzen sein.<br \/>\nDie Nutzung unterliegt den n\u00f6tigen Vorgaben, um einen Betrieb gem\u00e4\u00df Absprache<br \/>\nmit dem zust\u00e4ndigen Ordnungsamt sicherzustellen. Schutzmasken und Handschuhe<br \/>\nm\u00fcssen nicht verwendet werden.<\/p>\n<p>Der Ablauf vor Ort wird von uns koordiniert und im Betrieb auch \u00fcberpr\u00fcft.<br \/>\nGrundlage ist unsere Platzordnung, erg\u00e4nzt durch zusammengefasste Verhaltens-<br \/>\nregeln gem\u00e4\u00df Vorgaben COVID-19.<\/p>\n<p><a href=\"http:\/\/www.baden-bowmen.de\/wordpress\/wp-content\/uploads\/2020\/05\/\u00d6ffnen-des-Parcour-COVID-19.pdf\">\u00d6ffnen des Parcour &#8211; COVID-19<\/a><\/p>\n<p>Mitglieder k\u00f6nnen sich ab sofort f\u00fcr den kommenden Sonntag, 24.05.2020 zum<br \/>\nSchie\u00dfen anmelden. Es werden f\u00fcr jeweils maximal 30 Personen zwei Zeitfenster<br \/>\nangeboten:<\/p>\n<p>10.oo &#8211; 14.oo Uhr  und   14.oo &#8211; 18.oo Uhr<\/p>\n<p>Nur angemeldete Mitglieder werden auf den Platz gelassen, weiter dazu, nur<br \/>\nMitglieder, die auch zum Schie\u00dfen kommen. Das Areal steht nicht f\u00fcr zwangloses<br \/>\nZusammentreffen, mal wieder Freunde sehen oder einen angenehmen Spaziergang<br \/>\nzur Verf\u00fcgung.<\/p>\n<p>Die Anmeldung erfolgt ausschlie\u00dflich per eMail an:  kontakt@baden-bowmen.de<\/p>\n<p>Die Anmeldungen \/Anfragen werden zeitnah beantwortet. Gleichzeitig ergeht damit<br \/>\ndie Information, ob die Meldung akzeptiert werden kann, oder das Kontingent schon<br \/>\nvoll ist, m\u00f6glicherweise erg\u00e4nzend mit dem Verweis auf einen Ausweichtermin. <\/p>\n<p>Dieser kommende Sonntag stellt f\u00fcr uns einen Test in Sachen Machbarkeit dar.<br \/>\nFolgetermine werden bez\u00fcglich der Einhaltung von Vorgaben, Regelungen und dem<br \/>\ngesteuerten Ablauf je nach den Erfahrungen vom 24.05.2020 angepasst.<\/p>\n<p>Vorstand Baden-Bowmen e.V.<\/p>\n","protected":false},"excerpt":{"rendered":"<p>Unser Bogenplatz wird ab sofort Sonntags wieder f\u00fcr Mitglieder zu nutzen sein. Die Nutzung unterliegt den n\u00f6tigen Vorgaben, um einen Betrieb gem\u00e4\u00df Absprache mit dem zust\u00e4ndigen Ordnungsamt sicherzustellen. Schutzmasken und Handschuhe m\u00fcssen nicht verwendet werden. Der Ablauf vor Ort wird von uns koordiniert und im Betrieb auch \u00fcberpr\u00fcft. Grundlage ist unsere Platzordnung, erg\u00e4nzt durch zusammengefasste [&hellip;]<\/p>\n","protected":false},"author":1,"featured_media":0,"comment_status":"closed","ping_status":"closed","sticky":false,"template":"","format":"standard","meta":{"_s2mail":"yes"},"categories":[1],"tags":[],"_links":{"self":[{"href":"https:\/\/www.baden-bowmen.de\/wordpress\/index.php?rest_route=\/wp\/v2\/posts\/710"}],"collection":[{"href":"https:\/\/www.baden-bowmen.de\/wordpress\/index.php?rest_route=\/wp\/v2\/posts"}],"about":[{"href":"https:\/\/www.baden-bowmen.de\/wordpress\/index.php?rest_route=\/wp\/v2\/types\/post"}],"author":[{"embeddable":true,"href":"https:\/\/www.baden-bowmen.de\/wordpress\/index.php?rest_route=\/wp\/v2\/users\/1"}],"replies":[{"embeddable":true,"href":"https:\/\/www.baden-bowmen.de\/wordpress\/index.php?rest_route=%2Fwp%2Fv2%2Fcomments&post=710"}],"version-history":[{"count":4,"href":"https:\/\/www.baden-bowmen.de\/wordpress\/index.php?rest_route=\/wp\/v2\/posts\/710\/revisions"}],"predecessor-version":[{"id":715,"href":"https:\/\/www.baden-bowmen.de\/wordpress\/index.php?rest_route=\/wp\/v2\/posts\/710\/revisions\/715"}],"wp:attachment":[{"href":"https:\/\/www.baden-bowmen.de\/wordpress\/index.php?rest_route=%2Fwp%2Fv2%2Fmedia&parent=710"}],"wp:term":[{"taxonomy":"category","embeddable":true,"href":"https:\/\/www.baden-bowmen.de\/wordpress\/index.php?rest_route=%2Fwp%2Fv2%2Fcategories&post=710"},{"taxonomy":"post_tag","embeddable":true,"href":"https:\/\/www.baden-bowmen.de\/wordpress\/index.php?rest_route=%2Fwp%2Fv2%2Ftags&post=710"}],"curies":[{"name":"wp","href":"https:\/\/api.w.org\/{rel}","templated":true}]}}