{"id":707,"date":"2020-05-12T12:06:17","date_gmt":"2020-05-12T10:06:17","guid":{"rendered":"http:\/\/www.baden-bowmen.de\/wordpress\/?p=707"},"modified":"2022-08-29T13:35:59","modified_gmt":"2022-08-29T11:35:59","slug":"eine-oeffnung-noch-nicht-moeglich","status":"publish","type":"post","link":"https:\/\/www.baden-bowmen.de\/wordpress\/?p=707","title":{"rendered":"&#8230;. eine \u00d6ffnung noch nicht m\u00f6glich"},"content":{"rendered":"<p>Gem\u00e4\u00df der Lockerungen bez\u00fcglich Corona \/ COVID-19 wird auch<br \/>\ndas Thema Sport im Freien als machbar dargestellt. Hierzu ist<br \/>\nim Besonderen das Bogenschie\u00dfen als zugelassen angesprochen,<br \/>\njedoch sind die tats\u00e4chlichen Auflagen f\u00fcr den Betrieb nicht<br \/>\nso einfach umzusetzen. Wir befassen uns t\u00e4glich mit den<br \/>\nVorgaben, pr\u00fcfen die M\u00f6glichkeiten. Wir informieren hier auf<br \/>\nunserer Internetseite \u00fcber den Stand der Dinge, ebenso \u00fcber<br \/>\nunseren vereinsinternen Verteiler.<\/p>\n<p>Fazit &#8211; der Bogenplatz ist noch weiter geschlossen. \u00c4nderungen<br \/>\nwerden umgehend mitgeteilt.<\/p>\n<p>Vorstand Baden-Bowmen e.V<\/p>\n","protected":false},"excerpt":{"rendered":"<p>Gem\u00e4\u00df der Lockerungen bez\u00fcglich Corona \/ COVID-19 wird auch das Thema Sport im Freien als machbar dargestellt. Hierzu ist im Besonderen das Bogenschie\u00dfen als zugelassen angesprochen, jedoch sind die tats\u00e4chlichen Auflagen f\u00fcr den Betrieb nicht so einfach umzusetzen. Wir befassen uns t\u00e4glich mit den Vorgaben, pr\u00fcfen die M\u00f6glichkeiten. Wir informieren hier auf unserer Internetseite \u00fcber [&hellip;]<\/p>\n","protected":false},"author":1,"featured_media":0,"comment_status":"closed","ping_status":"closed","sticky":false,"template":"","format":"standard","meta":{"_s2mail":"yes"},"categories":[1],"tags":[4],"_links":{"self":[{"href":"https:\/\/www.baden-bowmen.de\/wordpress\/index.php?rest_route=\/wp\/v2\/posts\/707"}],"collection":[{"href":"https:\/\/www.baden-bowmen.de\/wordpress\/index.php?rest_route=\/wp\/v2\/posts"}],"about":[{"href":"https:\/\/www.baden-bowmen.de\/wordpress\/index.php?rest_route=\/wp\/v2\/types\/post"}],"author":[{"embeddable":true,"href":"https:\/\/www.baden-bowmen.de\/wordpress\/index.php?rest_route=\/wp\/v2\/users\/1"}],"replies":[{"embeddable":true,"href":"https:\/\/www.baden-bowmen.de\/wordpress\/index.php?rest_route=%2Fwp%2Fv2%2Fcomments&post=707"}],"version-history":[{"count":1,"href":"https:\/\/www.baden-bowmen.de\/wordpress\/index.php?rest_route=\/wp\/v2\/posts\/707\/revisions"}],"predecessor-version":[{"id":708,"href":"https:\/\/www.baden-bowmen.de\/wordpress\/index.php?rest_route=\/wp\/v2\/posts\/707\/revisions\/708"}],"wp:attachment":[{"href":"https:\/\/www.baden-bowmen.de\/wordpress\/index.php?rest_route=%2Fwp%2Fv2%2Fmedia&parent=707"}],"wp:term":[{"taxonomy":"category","embeddable":true,"href":"https:\/\/www.baden-bowmen.de\/wordpress\/index.php?rest_route=%2Fwp%2Fv2%2Fcategories&post=707"},{"taxonomy":"post_tag","embeddable":true,"href":"https:\/\/www.baden-bowmen.de\/wordpress\/index.php?rest_route=%2Fwp%2Fv2%2Ftags&post=707"}],"curies":[{"name":"wp","href":"https:\/\/api.w.org\/{rel}","templated":true}]}}