{"id":637,"date":"2019-03-04T12:09:28","date_gmt":"2019-03-04T11:09:28","guid":{"rendered":"http:\/\/www.baden-bowmen.de\/wordpress\/?p=637"},"modified":"2019-03-04T12:09:28","modified_gmt":"2019-03-04T11:09:28","slug":"termine-jahresplanung-2019","status":"publish","type":"post","link":"https:\/\/www.baden-bowmen.de\/wordpress\/?p=637","title":{"rendered":"&#8230;. Termine \/ Jahresplanung 2019"},"content":{"rendered":"<p>Um allen Beteiligten die Planung f\u00fcr das laufende Jahr zu vereinfachen wurden<br \/>\nheute die Termine f\u00fcr 2019 im Kalender ver\u00f6ffentlicht. Sollten sich \u00c4nderungen<br \/>\nergeben, wird von uns gesondert informiert.<\/p>\n<p><a href=\"http:\/\/www.baden-bowmen.de\/wordpress\/?page_id=165\">DirektLink Kalender<\/a><\/p>\n<p>Wir w\u00fcnschen `alle ins Kill` und eine erfolgreiche Saison 2019.<\/p>\n<p>&nbsp;<\/p>\n","protected":false},"excerpt":{"rendered":"<p>Um allen Beteiligten die Planung f\u00fcr das laufende Jahr zu vereinfachen wurden heute die Termine f\u00fcr 2019 im Kalender ver\u00f6ffentlicht. Sollten sich \u00c4nderungen ergeben, wird von uns gesondert informiert. DirektLink Kalender Wir w\u00fcnschen `alle ins Kill` und eine erfolgreiche Saison 2019. &nbsp;<\/p>\n","protected":false},"author":1,"featured_media":0,"comment_status":"closed","ping_status":"closed","sticky":false,"template":"","format":"standard","meta":{"_s2mail":"yes"},"categories":[1],"tags":[],"_links":{"self":[{"href":"https:\/\/www.baden-bowmen.de\/wordpress\/index.php?rest_route=\/wp\/v2\/posts\/637"}],"collection":[{"href":"https:\/\/www.baden-bowmen.de\/wordpress\/index.php?rest_route=\/wp\/v2\/posts"}],"about":[{"href":"https:\/\/www.baden-bowmen.de\/wordpress\/index.php?rest_route=\/wp\/v2\/types\/post"}],"author":[{"embeddable":true,"href":"https:\/\/www.baden-bowmen.de\/wordpress\/index.php?rest_route=\/wp\/v2\/users\/1"}],"replies":[{"embeddable":true,"href":"https:\/\/www.baden-bowmen.de\/wordpress\/index.php?rest_route=%2Fwp%2Fv2%2Fcomments&post=637"}],"version-history":[{"count":1,"href":"https:\/\/www.baden-bowmen.de\/wordpress\/index.php?rest_route=\/wp\/v2\/posts\/637\/revisions"}],"predecessor-version":[{"id":638,"href":"https:\/\/www.baden-bowmen.de\/wordpress\/index.php?rest_route=\/wp\/v2\/posts\/637\/revisions\/638"}],"wp:attachment":[{"href":"https:\/\/www.baden-bowmen.de\/wordpress\/index.php?rest_route=%2Fwp%2Fv2%2Fmedia&parent=637"}],"wp:term":[{"taxonomy":"category","embeddable":true,"href":"https:\/\/www.baden-bowmen.de\/wordpress\/index.php?rest_route=%2Fwp%2Fv2%2Fcategories&post=637"},{"taxonomy":"post_tag","embeddable":true,"href":"https:\/\/www.baden-bowmen.de\/wordpress\/index.php?rest_route=%2Fwp%2Fv2%2Ftags&post=637"}],"curies":[{"name":"wp","href":"https:\/\/api.w.org\/{rel}","templated":true}]}}