{"id":622,"date":"2018-11-22T18:27:00","date_gmt":"2018-11-22T17:27:00","guid":{"rendered":"http:\/\/www.baden-bowmen.de\/wordpress\/?p=622"},"modified":"2018-11-22T18:27:00","modified_gmt":"2018-11-22T17:27:00","slug":"arbeitsdienst-am-samstag-01-12-2018","status":"publish","type":"post","link":"https:\/\/www.baden-bowmen.de\/wordpress\/?p=622","title":{"rendered":"\u2026. Arbeitsdienst am Samstag \u2013 01.12.2018"},"content":{"rendered":"<p>Dieser Arbeitsdienst findet erg\u00e4nzend zur urspr\u00fcnglich geplanten<br \/>\nJahresliste statt und ist tats\u00e4chlich der letzte in diesem Jahr.<\/p>\n<p>Durchgef\u00fchrt werden n\u00f6tige Reparatur\u2013 und Pflegearbeiten, zu erledigen<br \/>\nauf dem gesamten Gel\u00e4nde.<\/p>\n<p>F\u00fcr die Teilnahme am Arbeitsdienst melden sich Mitglieder bitte schriftlich an<\/p>\n<p>email `support@baden-bowmen.de`,<\/p>\n<p>soweit schon erledigt, herzlichen Dank daf\u00fcr.<\/p>\n<p>W\u00e4hrend der Arbeiten sind Bogenplatz und Parcour zur Sicherheit gesamt<br \/>\ngesperrt, dies im Zeitraum 9.oo bis 14.oo Uhr<\/p>\n<p><span style=\"color: #8c2020;\">(TerminHinweis)<\/span><\/p>\n<p>&nbsp;<\/p>\n","protected":false},"excerpt":{"rendered":"<p>Dieser Arbeitsdienst findet erg\u00e4nzend zur urspr\u00fcnglich geplanten Jahresliste statt und ist tats\u00e4chlich der letzte in diesem Jahr. Durchgef\u00fchrt werden n\u00f6tige Reparatur\u2013 und Pflegearbeiten, zu erledigen auf dem gesamten Gel\u00e4nde. F\u00fcr die Teilnahme am Arbeitsdienst melden sich Mitglieder bitte schriftlich an email `support@baden-bowmen.de`, soweit schon erledigt, herzlichen Dank daf\u00fcr. W\u00e4hrend der Arbeiten sind Bogenplatz und Parcour [&hellip;]<\/p>\n","protected":false},"author":1,"featured_media":0,"comment_status":"closed","ping_status":"closed","sticky":false,"template":"","format":"standard","meta":{"_s2mail":"yes"},"categories":[1],"tags":[],"_links":{"self":[{"href":"https:\/\/www.baden-bowmen.de\/wordpress\/index.php?rest_route=\/wp\/v2\/posts\/622"}],"collection":[{"href":"https:\/\/www.baden-bowmen.de\/wordpress\/index.php?rest_route=\/wp\/v2\/posts"}],"about":[{"href":"https:\/\/www.baden-bowmen.de\/wordpress\/index.php?rest_route=\/wp\/v2\/types\/post"}],"author":[{"embeddable":true,"href":"https:\/\/www.baden-bowmen.de\/wordpress\/index.php?rest_route=\/wp\/v2\/users\/1"}],"replies":[{"embeddable":true,"href":"https:\/\/www.baden-bowmen.de\/wordpress\/index.php?rest_route=%2Fwp%2Fv2%2Fcomments&post=622"}],"version-history":[{"count":1,"href":"https:\/\/www.baden-bowmen.de\/wordpress\/index.php?rest_route=\/wp\/v2\/posts\/622\/revisions"}],"predecessor-version":[{"id":623,"href":"https:\/\/www.baden-bowmen.de\/wordpress\/index.php?rest_route=\/wp\/v2\/posts\/622\/revisions\/623"}],"wp:attachment":[{"href":"https:\/\/www.baden-bowmen.de\/wordpress\/index.php?rest_route=%2Fwp%2Fv2%2Fmedia&parent=622"}],"wp:term":[{"taxonomy":"category","embeddable":true,"href":"https:\/\/www.baden-bowmen.de\/wordpress\/index.php?rest_route=%2Fwp%2Fv2%2Fcategories&post=622"},{"taxonomy":"post_tag","embeddable":true,"href":"https:\/\/www.baden-bowmen.de\/wordpress\/index.php?rest_route=%2Fwp%2Fv2%2Ftags&post=622"}],"curies":[{"name":"wp","href":"https:\/\/api.w.org\/{rel}","templated":true}]}}