{"id":618,"date":"2018-10-02T10:47:41","date_gmt":"2018-10-02T08:47:41","guid":{"rendered":"http:\/\/www.baden-bowmen.de\/wordpress\/?p=618"},"modified":"2018-10-02T10:47:41","modified_gmt":"2018-10-02T08:47:41","slug":"zwischendurch-der-blick-nach-oben","status":"publish","type":"post","link":"https:\/\/www.baden-bowmen.de\/wordpress\/?p=618","title":{"rendered":"\u2026. zwischendurch der Blick nach oben"},"content":{"rendered":"<p>Derzeit sind keine festen Termine f\u00fcr Arbeiten oder Veranstaltung geplant.<br \/>\nWir sind bestrebt umgehend \u00fcber \u00c4nderungen zu informieren, Tage und Zeiten<br \/>\nhier bekannt zu geben, im Besonderen Termine zur Waldpflege.<\/p>\n<p>Generell festzustellen \u2026<\/p>\n<p>Durch den hei\u00dfen Sommer haben selbst gesunde B\u00e4ume stark gelitten. Es ist<br \/>\nweit h\u00e4ufiger als sonst mit herabfallenden \u00c4sten \/ mit Totholz zu rechnen. Gerade<br \/>\nbei Wind ist die n\u00f6tige Vorsicht geboten.<\/p>\n<p>&nbsp;<\/p>\n","protected":false},"excerpt":{"rendered":"<p>Derzeit sind keine festen Termine f\u00fcr Arbeiten oder Veranstaltung geplant. Wir sind bestrebt umgehend \u00fcber \u00c4nderungen zu informieren, Tage und Zeiten hier bekannt zu geben, im Besonderen Termine zur Waldpflege. Generell festzustellen \u2026 Durch den hei\u00dfen Sommer haben selbst gesunde B\u00e4ume stark gelitten. Es ist weit h\u00e4ufiger als sonst mit herabfallenden \u00c4sten \/ mit Totholz [&hellip;]<\/p>\n","protected":false},"author":1,"featured_media":0,"comment_status":"closed","ping_status":"closed","sticky":false,"template":"","format":"standard","meta":{"_s2mail":"yes"},"categories":[1],"tags":[],"_links":{"self":[{"href":"https:\/\/www.baden-bowmen.de\/wordpress\/index.php?rest_route=\/wp\/v2\/posts\/618"}],"collection":[{"href":"https:\/\/www.baden-bowmen.de\/wordpress\/index.php?rest_route=\/wp\/v2\/posts"}],"about":[{"href":"https:\/\/www.baden-bowmen.de\/wordpress\/index.php?rest_route=\/wp\/v2\/types\/post"}],"author":[{"embeddable":true,"href":"https:\/\/www.baden-bowmen.de\/wordpress\/index.php?rest_route=\/wp\/v2\/users\/1"}],"replies":[{"embeddable":true,"href":"https:\/\/www.baden-bowmen.de\/wordpress\/index.php?rest_route=%2Fwp%2Fv2%2Fcomments&post=618"}],"version-history":[{"count":1,"href":"https:\/\/www.baden-bowmen.de\/wordpress\/index.php?rest_route=\/wp\/v2\/posts\/618\/revisions"}],"predecessor-version":[{"id":619,"href":"https:\/\/www.baden-bowmen.de\/wordpress\/index.php?rest_route=\/wp\/v2\/posts\/618\/revisions\/619"}],"wp:attachment":[{"href":"https:\/\/www.baden-bowmen.de\/wordpress\/index.php?rest_route=%2Fwp%2Fv2%2Fmedia&parent=618"}],"wp:term":[{"taxonomy":"category","embeddable":true,"href":"https:\/\/www.baden-bowmen.de\/wordpress\/index.php?rest_route=%2Fwp%2Fv2%2Fcategories&post=618"},{"taxonomy":"post_tag","embeddable":true,"href":"https:\/\/www.baden-bowmen.de\/wordpress\/index.php?rest_route=%2Fwp%2Fv2%2Ftags&post=618"}],"curies":[{"name":"wp","href":"https:\/\/api.w.org\/{rel}","templated":true}]}}