{"id":601,"date":"2018-07-16T16:10:08","date_gmt":"2018-07-16T14:10:08","guid":{"rendered":"http:\/\/www.baden-bowmen.de\/wordpress\/?p=601"},"modified":"2018-07-16T16:10:08","modified_gmt":"2018-07-16T14:10:08","slug":"kinder-jugendfreizeiten-sommersaison-2018","status":"publish","type":"post","link":"https:\/\/www.baden-bowmen.de\/wordpress\/?p=601","title":{"rendered":"\u2026. Kinder-\/ Jugendfreizeiten Sommersaison 2018"},"content":{"rendered":"<p>Wie schon in den vergangenen Jahren richten wir auch diesen Sommer<br \/>\nKinder- und Jugendfreizeiten im Rahmen des Sommerferienprogramms<br \/>\nder Gemeinden Rheinm\u00fcnster, H\u00fcgelsheim und der Stadt Rheinau aus.<\/p>\n<p>Der Bogenplatz ist an diesen Tagen f\u00fcr die SFP-Aktionen reserviert, ist<br \/>\naus Sicherheitsgr\u00fcnden f\u00fcr den sonst \u00fcblichen Tagesbetrieb gesperrt.<\/p>\n<p>R\u00fcckfragen stellen Sie bitte an:<\/p>\n<p>\u2026.. per e-Mail bitte an: support@baden-bowmen.de<\/p>\n<p>\u2026.. telefonisch: o16o 55o 9524<\/p>\n<p>Weitere Termine sind in unserem Kalender gelistet &gt;&gt; <a href=\"http:\/\/www.baden-bowmen.de\/wordpress\/?page_id=165\">DirektLink<\/a><\/p>\n","protected":false},"excerpt":{"rendered":"<p>Wie schon in den vergangenen Jahren richten wir auch diesen Sommer Kinder- und Jugendfreizeiten im Rahmen des Sommerferienprogramms der Gemeinden Rheinm\u00fcnster, H\u00fcgelsheim und der Stadt Rheinau aus. Der Bogenplatz ist an diesen Tagen f\u00fcr die SFP-Aktionen reserviert, ist aus Sicherheitsgr\u00fcnden f\u00fcr den sonst \u00fcblichen Tagesbetrieb gesperrt. R\u00fcckfragen stellen Sie bitte an: \u2026.. per e-Mail bitte [&hellip;]<\/p>\n","protected":false},"author":1,"featured_media":0,"comment_status":"closed","ping_status":"closed","sticky":false,"template":"","format":"standard","meta":{"_s2mail":"yes"},"categories":[1],"tags":[],"_links":{"self":[{"href":"https:\/\/www.baden-bowmen.de\/wordpress\/index.php?rest_route=\/wp\/v2\/posts\/601"}],"collection":[{"href":"https:\/\/www.baden-bowmen.de\/wordpress\/index.php?rest_route=\/wp\/v2\/posts"}],"about":[{"href":"https:\/\/www.baden-bowmen.de\/wordpress\/index.php?rest_route=\/wp\/v2\/types\/post"}],"author":[{"embeddable":true,"href":"https:\/\/www.baden-bowmen.de\/wordpress\/index.php?rest_route=\/wp\/v2\/users\/1"}],"replies":[{"embeddable":true,"href":"https:\/\/www.baden-bowmen.de\/wordpress\/index.php?rest_route=%2Fwp%2Fv2%2Fcomments&post=601"}],"version-history":[{"count":1,"href":"https:\/\/www.baden-bowmen.de\/wordpress\/index.php?rest_route=\/wp\/v2\/posts\/601\/revisions"}],"predecessor-version":[{"id":602,"href":"https:\/\/www.baden-bowmen.de\/wordpress\/index.php?rest_route=\/wp\/v2\/posts\/601\/revisions\/602"}],"wp:attachment":[{"href":"https:\/\/www.baden-bowmen.de\/wordpress\/index.php?rest_route=%2Fwp%2Fv2%2Fmedia&parent=601"}],"wp:term":[{"taxonomy":"category","embeddable":true,"href":"https:\/\/www.baden-bowmen.de\/wordpress\/index.php?rest_route=%2Fwp%2Fv2%2Fcategories&post=601"},{"taxonomy":"post_tag","embeddable":true,"href":"https:\/\/www.baden-bowmen.de\/wordpress\/index.php?rest_route=%2Fwp%2Fv2%2Ftags&post=601"}],"curies":[{"name":"wp","href":"https:\/\/api.w.org\/{rel}","templated":true}]}}