{"id":528,"date":"2017-08-08T19:49:04","date_gmt":"2017-08-08T17:49:04","guid":{"rendered":"http:\/\/www.baden-bowmen.de\/wordpress\/?p=528"},"modified":"2017-08-08T19:49:04","modified_gmt":"2017-08-08T17:49:04","slug":"kinder-jugendfreizeiten-11-08-19-08-2017","status":"publish","type":"post","link":"https:\/\/www.baden-bowmen.de\/wordpress\/?p=528","title":{"rendered":"&#8230;. Kinder-\/ Jugendfreizeiten 11.08\/ 19.08.2017"},"content":{"rendered":"<p>Wir verweisen auf unsere Kinder- und Jugend-Aktionen, Termine am<br \/>\nkommenden Freitag, den 11.08.2017, folgend Samstag den 19.08.2017.<\/p>\n<p>Der Bogenplatz ist an beiden Tagen f\u00fcr die SFP-Aktionen reserviert, ist<br \/>\naus Sicherheitsgr\u00fcnden f\u00fcr den sonst \u00fcblichen Tagesbetrieb gesperrt.<\/p>\n<p>R\u00fcckfragen stellen Sie bitte an:<\/p>\n<p>\u2026.. per e-Mail bitte an: support@baden-bowmen.de<\/p>\n<p>\u2026.. telefonisch: o16o 55o 9524<\/p>\n<p>&nbsp;<\/p>\n<p>Weitere Termine sind in unserem Kalender gelistet \u00a0\u00a0<a href=\"http:\/\/www.baden-bowmen.de\/wordpress\/?page_id=165\">&gt;&gt; \u00a0DirektLink<\/a><\/p>\n<p><span style=\"color: #b82727;\">(TerminHinweis)<\/span><\/p>\n<p>&nbsp;<\/p>\n","protected":false},"excerpt":{"rendered":"<p>Wir verweisen auf unsere Kinder- und Jugend-Aktionen, Termine am kommenden Freitag, den 11.08.2017, folgend Samstag den 19.08.2017. Der Bogenplatz ist an beiden Tagen f\u00fcr die SFP-Aktionen reserviert, ist aus Sicherheitsgr\u00fcnden f\u00fcr den sonst \u00fcblichen Tagesbetrieb gesperrt. R\u00fcckfragen stellen Sie bitte an: \u2026.. per e-Mail bitte an: support@baden-bowmen.de \u2026.. telefonisch: o16o 55o 9524 &nbsp; Weitere Termine [&hellip;]<\/p>\n","protected":false},"author":1,"featured_media":0,"comment_status":"closed","ping_status":"open","sticky":false,"template":"","format":"standard","meta":{"_s2mail":"yes"},"categories":[1],"tags":[],"_links":{"self":[{"href":"https:\/\/www.baden-bowmen.de\/wordpress\/index.php?rest_route=\/wp\/v2\/posts\/528"}],"collection":[{"href":"https:\/\/www.baden-bowmen.de\/wordpress\/index.php?rest_route=\/wp\/v2\/posts"}],"about":[{"href":"https:\/\/www.baden-bowmen.de\/wordpress\/index.php?rest_route=\/wp\/v2\/types\/post"}],"author":[{"embeddable":true,"href":"https:\/\/www.baden-bowmen.de\/wordpress\/index.php?rest_route=\/wp\/v2\/users\/1"}],"replies":[{"embeddable":true,"href":"https:\/\/www.baden-bowmen.de\/wordpress\/index.php?rest_route=%2Fwp%2Fv2%2Fcomments&post=528"}],"version-history":[{"count":1,"href":"https:\/\/www.baden-bowmen.de\/wordpress\/index.php?rest_route=\/wp\/v2\/posts\/528\/revisions"}],"predecessor-version":[{"id":529,"href":"https:\/\/www.baden-bowmen.de\/wordpress\/index.php?rest_route=\/wp\/v2\/posts\/528\/revisions\/529"}],"wp:attachment":[{"href":"https:\/\/www.baden-bowmen.de\/wordpress\/index.php?rest_route=%2Fwp%2Fv2%2Fmedia&parent=528"}],"wp:term":[{"taxonomy":"category","embeddable":true,"href":"https:\/\/www.baden-bowmen.de\/wordpress\/index.php?rest_route=%2Fwp%2Fv2%2Fcategories&post=528"},{"taxonomy":"post_tag","embeddable":true,"href":"https:\/\/www.baden-bowmen.de\/wordpress\/index.php?rest_route=%2Fwp%2Fv2%2Ftags&post=528"}],"curies":[{"name":"wp","href":"https:\/\/api.w.org\/{rel}","templated":true}]}}