{"id":522,"date":"2017-07-19T11:35:18","date_gmt":"2017-07-19T09:35:18","guid":{"rendered":"http:\/\/www.baden-bowmen.de\/wordpress\/?p=522"},"modified":"2017-07-19T11:37:21","modified_gmt":"2017-07-19T09:37:21","slug":"kinder-jugendfreizeiten-28-07-29-07-2017","status":"publish","type":"post","link":"https:\/\/www.baden-bowmen.de\/wordpress\/?p=522","title":{"rendered":"&#8230;. Kinder-\/ Jugendfreizeiten 28.07\/ 29.07.2017"},"content":{"rendered":"<p>Wie schon in den vergangenen Jahren richten wir auch diesen Sommer<br \/>\nKinder- und Jugendfreizeiten im Rahmen des Sommerferienprogramms<br \/>\nder Gemeinden Rheinm\u00fcnster, H\u00fcgelsheim und der Stadt Rheinau aus.<\/p>\n<p><span style=\"font-size: 1rem;\">Die beiden ersten Termine sind f\u00fcr den 28. und 29.07.2017 angesetzt.<br \/>\nDer Bogenplatz ist an beiden Tagen f\u00fcr die SFP-Aktionen reserviert, ist<br \/>\naus Sicherheitsgr\u00fcnden f\u00fcr den sonst \u00fcblichen Tagesbetrieb gesperrt.<\/span><\/p>\n<p><span style=\"font-size: 1rem;\">R\u00fcckfragen stellen Sie bitte an:<\/span><\/p>\n<p>\u2026.. per e-Mail bitte an: support@baden-bowmen.de<\/p>\n<p>\u2026.. telefonisch: o16o 55o 9524<\/p>\n<p>&nbsp;<\/p>\n<p>Weitere Termine sind in unserem Kalender gelistet \u00a0 <a href=\"http:\/\/www.baden-bowmen.de\/wordpress\/?page_id=165\">&gt;&gt; \u00a0DirektLink<\/a><\/p>\n<p><span style=\"color: #b82727;\">(TerminHinweis)<\/span><\/p>\n<p>&nbsp;<\/p>\n","protected":false},"excerpt":{"rendered":"<p>Wie schon in den vergangenen Jahren richten wir auch diesen Sommer Kinder- und Jugendfreizeiten im Rahmen des Sommerferienprogramms der Gemeinden Rheinm\u00fcnster, H\u00fcgelsheim und der Stadt Rheinau aus. Die beiden ersten Termine sind f\u00fcr den 28. und 29.07.2017 angesetzt. Der Bogenplatz ist an beiden Tagen f\u00fcr die SFP-Aktionen reserviert, ist aus Sicherheitsgr\u00fcnden f\u00fcr den sonst \u00fcblichen [&hellip;]<\/p>\n","protected":false},"author":1,"featured_media":0,"comment_status":"closed","ping_status":"closed","sticky":false,"template":"","format":"standard","meta":{"_s2mail":"yes"},"categories":[1],"tags":[],"_links":{"self":[{"href":"https:\/\/www.baden-bowmen.de\/wordpress\/index.php?rest_route=\/wp\/v2\/posts\/522"}],"collection":[{"href":"https:\/\/www.baden-bowmen.de\/wordpress\/index.php?rest_route=\/wp\/v2\/posts"}],"about":[{"href":"https:\/\/www.baden-bowmen.de\/wordpress\/index.php?rest_route=\/wp\/v2\/types\/post"}],"author":[{"embeddable":true,"href":"https:\/\/www.baden-bowmen.de\/wordpress\/index.php?rest_route=\/wp\/v2\/users\/1"}],"replies":[{"embeddable":true,"href":"https:\/\/www.baden-bowmen.de\/wordpress\/index.php?rest_route=%2Fwp%2Fv2%2Fcomments&post=522"}],"version-history":[{"count":3,"href":"https:\/\/www.baden-bowmen.de\/wordpress\/index.php?rest_route=\/wp\/v2\/posts\/522\/revisions"}],"predecessor-version":[{"id":525,"href":"https:\/\/www.baden-bowmen.de\/wordpress\/index.php?rest_route=\/wp\/v2\/posts\/522\/revisions\/525"}],"wp:attachment":[{"href":"https:\/\/www.baden-bowmen.de\/wordpress\/index.php?rest_route=%2Fwp%2Fv2%2Fmedia&parent=522"}],"wp:term":[{"taxonomy":"category","embeddable":true,"href":"https:\/\/www.baden-bowmen.de\/wordpress\/index.php?rest_route=%2Fwp%2Fv2%2Fcategories&post=522"},{"taxonomy":"post_tag","embeddable":true,"href":"https:\/\/www.baden-bowmen.de\/wordpress\/index.php?rest_route=%2Fwp%2Fv2%2Ftags&post=522"}],"curies":[{"name":"wp","href":"https:\/\/api.w.org\/{rel}","templated":true}]}}