{"id":1298,"date":"2025-10-09T20:06:36","date_gmt":"2025-10-09T18:06:36","guid":{"rendered":"https:\/\/www.baden-bowmen.de\/wordpress\/?p=1298"},"modified":"2025-10-09T20:06:36","modified_gmt":"2025-10-09T18:06:36","slug":"rueckschnitt-von-baeumen-bitte-ruecksicht","status":"publish","type":"post","link":"https:\/\/www.baden-bowmen.de\/wordpress\/?p=1298","title":{"rendered":"&#8230;. R\u00fcckschnitt von B\u00e4umen, bitte R\u00fccksicht"},"content":{"rendered":"\n<p>Aktuell findet auf unserem Gel\u00e4nde an mehreren Stellen ein R\u00fcckschnitt der<br>Vegetation statt. Damit befasst sind nicht nur wir selbst bei Arbeitsdiensten.<br>Wir werden zus\u00e4tzlich von Firma Junge unterst\u00fctzt.<\/p>\n\n\n\n<p>Wir bitten deshalb alle Mitglieder und G\u00e4ste besondere Vorsicht walten<br>zu lassen. Stellenweise werden wir Sch\u00fcsse einschr\u00e4nken oder auch sperren,<br>so es f\u00fcr die Sicherheit von Mitarbeitern n\u00f6tig ist. <\/p>\n\n\n\n<p>Mitarbeiter der Firma Junge sind weisungsbefugt &#8211; Anweisungen ist Folge<br>zu leisten.<\/p>\n\n\n\n<p>F\u00fcr die Kl\u00e4rung offener Fragen stehen wir gern wie gewohnt zur Verf\u00fcgung.<\/p>\n\n\n\n<p>(TerminHinweis)<\/p>\n\n\n\n<p>email: support@baden-bowmen.de<\/p>\n","protected":false},"excerpt":{"rendered":"<p>Aktuell findet auf unserem Gel\u00e4nde an mehreren Stellen ein R\u00fcckschnitt derVegetation statt. Damit befasst sind nicht nur wir selbst bei Arbeitsdiensten.Wir werden zus\u00e4tzlich von Firma Junge unterst\u00fctzt. Wir bitten deshalb alle Mitglieder und G\u00e4ste besondere Vorsicht waltenzu lassen. Stellenweise werden wir Sch\u00fcsse einschr\u00e4nken oder auch sperren,so es f\u00fcr die Sicherheit von Mitarbeitern n\u00f6tig ist. Mitarbeiter [&hellip;]<\/p>\n","protected":false},"author":1,"featured_media":0,"comment_status":"closed","ping_status":"open","sticky":false,"template":"","format":"standard","meta":{"_s2mail":"yes"},"categories":[1],"tags":[],"_links":{"self":[{"href":"https:\/\/www.baden-bowmen.de\/wordpress\/index.php?rest_route=\/wp\/v2\/posts\/1298"}],"collection":[{"href":"https:\/\/www.baden-bowmen.de\/wordpress\/index.php?rest_route=\/wp\/v2\/posts"}],"about":[{"href":"https:\/\/www.baden-bowmen.de\/wordpress\/index.php?rest_route=\/wp\/v2\/types\/post"}],"author":[{"embeddable":true,"href":"https:\/\/www.baden-bowmen.de\/wordpress\/index.php?rest_route=\/wp\/v2\/users\/1"}],"replies":[{"embeddable":true,"href":"https:\/\/www.baden-bowmen.de\/wordpress\/index.php?rest_route=%2Fwp%2Fv2%2Fcomments&post=1298"}],"version-history":[{"count":1,"href":"https:\/\/www.baden-bowmen.de\/wordpress\/index.php?rest_route=\/wp\/v2\/posts\/1298\/revisions"}],"predecessor-version":[{"id":1299,"href":"https:\/\/www.baden-bowmen.de\/wordpress\/index.php?rest_route=\/wp\/v2\/posts\/1298\/revisions\/1299"}],"wp:attachment":[{"href":"https:\/\/www.baden-bowmen.de\/wordpress\/index.php?rest_route=%2Fwp%2Fv2%2Fmedia&parent=1298"}],"wp:term":[{"taxonomy":"category","embeddable":true,"href":"https:\/\/www.baden-bowmen.de\/wordpress\/index.php?rest_route=%2Fwp%2Fv2%2Fcategories&post=1298"},{"taxonomy":"post_tag","embeddable":true,"href":"https:\/\/www.baden-bowmen.de\/wordpress\/index.php?rest_route=%2Fwp%2Fv2%2Ftags&post=1298"}],"curies":[{"name":"wp","href":"https:\/\/api.w.org\/{rel}","templated":true}]}}