{"id":1055,"date":"2023-04-15T13:09:21","date_gmt":"2023-04-15T11:09:21","guid":{"rendered":"https:\/\/www.baden-bowmen.de\/wordpress\/?p=1055"},"modified":"2023-04-15T13:20:12","modified_gmt":"2023-04-15T11:20:12","slug":"arbeitsdienst-am-samstag-den-22-04-2023","status":"publish","type":"post","link":"https:\/\/www.baden-bowmen.de\/wordpress\/?p=1055","title":{"rendered":"&#8230;. Arbeitsdienst am Samstag, den  22.04.2023"},"content":{"rendered":"\n<p>Wir verweisen auf die Durchf\u00fchrung eines Arbeitsdienstes am 22.04.2023.<\/p>\n\n\n\n<p>Reparatur\u2013 und Pflegearbeiten finden auf dem gesamten Gel\u00e4nde statt.<\/p>\n\n\n\n<p>W\u00e4hrend der Arbeiten sind Bogenplatz und Parcours zur Sicherheit gesamt<br>gesperrt, dies am 22.04.2023, im Zeitraum 9.oo bis 14.oo Uhr.<\/p>\n\n\n\n<p>Zur Teilnahme am Arbeitsdienst sollten sich Mitglieder bis sp\u00e4testens<br>Mittwoch den 19.04.2023 \/ 20.oo Uhr schriftlich anmelden.<\/p>\n\n\n\n<p>F\u00fcr die Kl\u00e4rung offener Fragen stehen wir gern wie gewohnt zur Verf\u00fcgung.<\/p>\n\n\n\n<p>Bitte beachten \u2013 ge\u00e4nderte Mail-Adresse zur Anmeldung siehe unten !!<\/p>\n\n\n\n<p class=\"has-text-color\" style=\"color:#972727\">(TerminHinweis)<\/p>\n\n\n\n<p>email    <code>arbeitsdienst@baden-bowmen.de<\/code><\/p>\n\n\n\n<p><\/p>\n","protected":false},"excerpt":{"rendered":"<p>Wir verweisen auf die Durchf\u00fchrung eines Arbeitsdienstes am 22.04.2023. Reparatur\u2013 und Pflegearbeiten finden auf dem gesamten Gel\u00e4nde statt. W\u00e4hrend der Arbeiten sind Bogenplatz und Parcours zur Sicherheit gesamtgesperrt, dies am 22.04.2023, im Zeitraum 9.oo bis 14.oo Uhr. Zur Teilnahme am Arbeitsdienst sollten sich Mitglieder bis sp\u00e4testensMittwoch den 19.04.2023 \/ 20.oo Uhr schriftlich anmelden. F\u00fcr die [&hellip;]<\/p>\n","protected":false},"author":1,"featured_media":0,"comment_status":"closed","ping_status":"closed","sticky":false,"template":"","format":"standard","meta":{"_s2mail":"yes"},"categories":[1],"tags":[],"_links":{"self":[{"href":"https:\/\/www.baden-bowmen.de\/wordpress\/index.php?rest_route=\/wp\/v2\/posts\/1055"}],"collection":[{"href":"https:\/\/www.baden-bowmen.de\/wordpress\/index.php?rest_route=\/wp\/v2\/posts"}],"about":[{"href":"https:\/\/www.baden-bowmen.de\/wordpress\/index.php?rest_route=\/wp\/v2\/types\/post"}],"author":[{"embeddable":true,"href":"https:\/\/www.baden-bowmen.de\/wordpress\/index.php?rest_route=\/wp\/v2\/users\/1"}],"replies":[{"embeddable":true,"href":"https:\/\/www.baden-bowmen.de\/wordpress\/index.php?rest_route=%2Fwp%2Fv2%2Fcomments&post=1055"}],"version-history":[{"count":5,"href":"https:\/\/www.baden-bowmen.de\/wordpress\/index.php?rest_route=\/wp\/v2\/posts\/1055\/revisions"}],"predecessor-version":[{"id":1063,"href":"https:\/\/www.baden-bowmen.de\/wordpress\/index.php?rest_route=\/wp\/v2\/posts\/1055\/revisions\/1063"}],"wp:attachment":[{"href":"https:\/\/www.baden-bowmen.de\/wordpress\/index.php?rest_route=%2Fwp%2Fv2%2Fmedia&parent=1055"}],"wp:term":[{"taxonomy":"category","embeddable":true,"href":"https:\/\/www.baden-bowmen.de\/wordpress\/index.php?rest_route=%2Fwp%2Fv2%2Fcategories&post=1055"},{"taxonomy":"post_tag","embeddable":true,"href":"https:\/\/www.baden-bowmen.de\/wordpress\/index.php?rest_route=%2Fwp%2Fv2%2Ftags&post=1055"}],"curies":[{"name":"wp","href":"https:\/\/api.w.org\/{rel}","templated":true}]}}