{"id":1032,"date":"2022-12-03T12:23:48","date_gmt":"2022-12-03T11:23:48","guid":{"rendered":"https:\/\/www.baden-bowmen.de\/wordpress\/?p=1032"},"modified":"2022-12-03T12:23:48","modified_gmt":"2022-12-03T11:23:48","slug":"arbeitsdienst-am-samstag-den-17-12-2022","status":"publish","type":"post","link":"https:\/\/www.baden-bowmen.de\/wordpress\/?p=1032","title":{"rendered":"\u2026. Arbeitsdienst am Samstag, den 17.12.2022"},"content":{"rendered":"\n<p>Wir verweisen auf die Durchf\u00fchrung eines Arbeitsdienstes am 17.12.2022.<\/p>\n\n\n\n<p>Reparatur\u2013 und Pflegearbeiten finden auf dem gesamten Gel\u00e4nde statt.<\/p>\n\n\n\n<p>W\u00e4hrend der Arbeiten sind Bogenplatz und Parcours zur Sicherheit gesamt<br>gesperrt, dies am 17.12.2022, im Zeitraum 9.oo bis 14.oo Uhr.<\/p>\n\n\n\n<p>Zur Teilnahme am Arbeitsdienst sollten sich Mitglieder bis sp\u00e4testens<br>Mittwoch den 14.12.2022 \/ 20.oo Uhr schriftlich anmelden.<\/p>\n\n\n\n<p>F\u00fcr die Kl\u00e4rung offener Fragen stehen wir gern wie gewohnt zur Verf\u00fcgung.<\/p>\n\n\n\n<p>(TerminHinweis)<\/p>\n\n\n\n<p>email `support@baden-bowmen.de`<\/p>\n","protected":false},"excerpt":{"rendered":"<p>Wir verweisen auf die Durchf\u00fchrung eines Arbeitsdienstes am 17.12.2022. Reparatur\u2013 und Pflegearbeiten finden auf dem gesamten Gel\u00e4nde statt. W\u00e4hrend der Arbeiten sind Bogenplatz und Parcours zur Sicherheit gesamtgesperrt, dies am 17.12.2022, im Zeitraum 9.oo bis 14.oo Uhr. Zur Teilnahme am Arbeitsdienst sollten sich Mitglieder bis sp\u00e4testensMittwoch den 14.12.2022 \/ 20.oo Uhr schriftlich anmelden. F\u00fcr die [&hellip;]<\/p>\n","protected":false},"author":1,"featured_media":0,"comment_status":"closed","ping_status":"closed","sticky":false,"template":"","format":"standard","meta":{"_s2mail":"yes"},"categories":[1],"tags":[],"_links":{"self":[{"href":"https:\/\/www.baden-bowmen.de\/wordpress\/index.php?rest_route=\/wp\/v2\/posts\/1032"}],"collection":[{"href":"https:\/\/www.baden-bowmen.de\/wordpress\/index.php?rest_route=\/wp\/v2\/posts"}],"about":[{"href":"https:\/\/www.baden-bowmen.de\/wordpress\/index.php?rest_route=\/wp\/v2\/types\/post"}],"author":[{"embeddable":true,"href":"https:\/\/www.baden-bowmen.de\/wordpress\/index.php?rest_route=\/wp\/v2\/users\/1"}],"replies":[{"embeddable":true,"href":"https:\/\/www.baden-bowmen.de\/wordpress\/index.php?rest_route=%2Fwp%2Fv2%2Fcomments&post=1032"}],"version-history":[{"count":1,"href":"https:\/\/www.baden-bowmen.de\/wordpress\/index.php?rest_route=\/wp\/v2\/posts\/1032\/revisions"}],"predecessor-version":[{"id":1033,"href":"https:\/\/www.baden-bowmen.de\/wordpress\/index.php?rest_route=\/wp\/v2\/posts\/1032\/revisions\/1033"}],"wp:attachment":[{"href":"https:\/\/www.baden-bowmen.de\/wordpress\/index.php?rest_route=%2Fwp%2Fv2%2Fmedia&parent=1032"}],"wp:term":[{"taxonomy":"category","embeddable":true,"href":"https:\/\/www.baden-bowmen.de\/wordpress\/index.php?rest_route=%2Fwp%2Fv2%2Fcategories&post=1032"},{"taxonomy":"post_tag","embeddable":true,"href":"https:\/\/www.baden-bowmen.de\/wordpress\/index.php?rest_route=%2Fwp%2Fv2%2Ftags&post=1032"}],"curies":[{"name":"wp","href":"https:\/\/api.w.org\/{rel}","templated":true}]}}